{"id":170,"date":"2010-07-06T11:01:37","date_gmt":"2010-07-06T11:01:37","guid":{"rendered":"http:\/\/www.eldmessa.is\/eldmessa\/?p=170"},"modified":"2013-04-13T00:03:27","modified_gmt":"2013-04-13T00:03:27","slug":"upphafi%c3%b0","status":"publish","type":"post","link":"https:\/\/www.eldmessa.is\/eldmessa\/upphafi%c3%b0\/","title":{"rendered":"Skaft\u00e1reldar"},"content":{"rendered":"<p style=\"text-align: justify;\">&#8222;\u00c1ri\u00f0 1783 \u00feann 8. j\u00fan\u00ed, sem var hv\u00edtasunnuh\u00e1t\u00ed\u00f0, \u00ed hei\u00f0r\u00edku og sp\u00f6ku ve\u00f0ri um dagm\u00e1labil, kom upp fyrir nor\u00f0an n\u00e6stu bygg\u00f0afj\u00f6ll \u00e1 S\u00ed\u00f0unni svart sandmistur og mokkur svo st\u00f3r, a\u00f0 hann \u00e1 stuttum t\u00edma breiddi sig yfir alla S\u00ed\u00f0una&#8220;.\u00a0\u00a0\u00deannig byrjar sr. J\u00f3n Steingr\u00edmsson l\u00fdsingu \u00ed Eldriti s\u00ednu \u00e1 Skaft\u00e1reldum, st\u00e6rsta hraungosi, sem samt\u00edmaheimildir eru til um. \u00a0Hrauni\u00f0 \u00feakti um 600 ferk\u00edl\u00f3metra, \u00feegar gosinu lauk alveg\u00a0\u00a0\u00a07.febr.1784. \u00a0\u00dea\u00f0 haf\u00f0i \u00fe\u00e1 fari\u00f0 yfir e\u00f0a gert \u00f3b\u00faandi \u00e1 20 b\u00e6jum og fr\u00e1 \u00f6\u00f0rum 30 fl\u00fa\u00f0i f\u00f3lk um skei\u00f0.<\/p>\n<p style=\"text-align: justify;\">\u00cd gosinu opna\u00f0ist 25 km. l\u00f6ng g\u00edgar\u00f6\u00f0 b\u00e1\u00f0um megin vi\u00f0 Laka og rann hrauni\u00f0 \u00fea\u00f0an \u00ed tveim kv\u00edslum. \u00a0S\u00fa vestri f\u00f3r fyrst\u00a0ni\u00f0ur\u00a0farveg Skaft\u00e1r og fl\u00e6mdist s\u00ed\u00f0an me\u00f0 miklum hra\u00f0a um sl\u00e9ttlendi\u00f0 langlei\u00f0ina til sj\u00e1var. \u00a0\u00cd byrjun \u00e1g\u00fast ruddist eystri \u00e1lman ni\u00f0ur farveg Hverfisflj\u00f3ts og greip \u00fe\u00e1 \u00f3tti \u00edb\u00faana um a\u00f0 \u00fea\u00f0 mundi lokast inni og \u00fdtti undir fl\u00f3tta \u00feess.<\/p>\n","protected":false},"excerpt":{"rendered":"<p>&#8222;\u00c1ri\u00f0 1783 \u00feann 8. j\u00fan\u00ed, sem var hv\u00edtasunnuh\u00e1t\u00ed\u00f0, \u00ed hei\u00f0r\u00edku og sp\u00f6ku ve\u00f0ri um dagm\u00e1labil, kom upp fyrir nor\u00f0an n\u00e6stu bygg\u00f0afj\u00f6ll \u00e1 S\u00ed\u00f0unni svart sandmistur og mokkur svo st\u00f3r, a\u00f0 hann \u00e1 stuttum t\u00edma breiddi[&#8230;]<\/p>\n","protected":false},"author":1,"featured_media":32,"comment_status":"closed","ping_status":"closed","sticky":false,"template":"","format":"standard","meta":{"footnotes":""},"categories":[],"tags":[],"class_list":["post-170","post","type-post","status-publish","format-standard","has-post-thumbnail","hentry"],"_links":{"self":[{"href":"https:\/\/www.eldmessa.is\/eldmessa\/wp-json\/wp\/v2\/posts\/170","targetHints":{"allow":["GET"]}}],"collection":[{"href":"https:\/\/www.eldmessa.is\/eldmessa\/wp-json\/wp\/v2\/posts"}],"about":[{"href":"https:\/\/www.eldmessa.is\/eldmessa\/wp-json\/wp\/v2\/types\/post"}],"author":[{"embeddable":true,"href":"https:\/\/www.eldmessa.is\/eldmessa\/wp-json\/wp\/v2\/users\/1"}],"replies":[{"embeddable":true,"href":"https:\/\/www.eldmessa.is\/eldmessa\/wp-json\/wp\/v2\/comments?post=170"}],"version-history":[{"count":43,"href":"https:\/\/www.eldmessa.is\/eldmessa\/wp-json\/wp\/v2\/posts\/170\/revisions"}],"predecessor-version":[{"id":571,"href":"https:\/\/www.eldmessa.is\/eldmessa\/wp-json\/wp\/v2\/posts\/170\/revisions\/571"}],"wp:featuredmedia":[{"embeddable":true,"href":"https:\/\/www.eldmessa.is\/eldmessa\/wp-json\/wp\/v2\/media\/32"}],"wp:attachment":[{"href":"https:\/\/www.eldmessa.is\/eldmessa\/wp-json\/wp\/v2\/media?parent=170"}],"wp:term":[{"taxonomy":"category","embeddable":true,"href":"https:\/\/www.eldmessa.is\/eldmessa\/wp-json\/wp\/v2\/categories?post=170"},{"taxonomy":"post_tag","embeddable":true,"href":"https:\/\/www.eldmessa.is\/eldmessa\/wp-json\/wp\/v2\/tags?post=170"}],"curies":[{"name":"wp","href":"https:\/\/api.w.org\/{rel}","templated":true}]}}